{"id":29614,"date":"2023-06-06T15:10:48","date_gmt":"2023-06-06T15:10:48","guid":{"rendered":"https:\/\/www.applivery.com\/blog\/sin-categorizar\/revolucionando-la-industria-tecnologica-resumen-de-la-wwdc-2023-de-apple\/"},"modified":"2023-06-13T15:59:48","modified_gmt":"2023-06-13T15:59:48","slug":"revolucionando-la-industria-tecnologica-resumen-de-la-wwdc-2023-de-apple","status":"publish","type":"post","link":"https:\/\/www.applivery.com\/es\/blog\/guias\/revolucionando-la-industria-tecnologica-resumen-de-la-wwdc-2023-de-apple\/","title":{"rendered":"Revolucionando la industria tecnol\u00f3gica: Resumen de la WWDC 2023 de Apple"},"content":{"rendered":"\t\t<div data-elementor-type=\"wp-post\" data-elementor-id=\"29614\" class=\"elementor elementor-29614 elementor-29510\" data-elementor-post-type=\"post\">\n\t\t\t\t<div class=\"elementor-element elementor-element-889fbff e-flex e-con-boxed e-con e-parent\" data-id=\"889fbff\" data-element_type=\"container\" data-e-type=\"container\" id=\"apple\">\n\t\t\t\t\t<div class=\"e-con-inner\">\n\t\t<div class=\"elementor-element elementor-element-dc6289d e-flex e-con-boxed e-con e-parent\" data-id=\"dc6289d\" data-element_type=\"container\" data-e-type=\"container\">\n\t\t\t\t\t<div class=\"e-con-inner\">\n\t\t\t\t<div class=\"elementor-element elementor-element-babb6f2 elementor-widget elementor-widget-text-editor\" data-id=\"babb6f2\" data-element_type=\"widget\" data-e-type=\"widget\" data-widget_type=\"text-editor.default\">\n\t\t\t\t\t\t\t\t\t<p>La WWDC23 ha sido, probablemente, una de las m\u00e1s impactantes de Apple. La Conferencia Mundial de Desarrolladores 2023 ha deslumbrado a los entusiastas de la tecnolog\u00eda en todo el mundo con una avalancha de sorpresas. Pero no te preocupes si te perdiste la transmisi\u00f3n en vivo, porque aqu\u00ed te traemos un emocionante resumen de todas las innovaciones de hardware y software presentadas en la WWDC 2023. \u00a1Prep\u00e1rate para un viaje fascinante a trav\u00e9s de <b>iOS 17, iPadOS 17, watchOS 10, Apple Vision Pro, MacBook Air<\/b> y mucho m\u00e1s!<\/p>\n<p>Apple dej\u00f3 a la audiencia boquiabierta con una conferencia principal llena de emociones, presentando una variedad de productos y actualizaciones emocionantes dise\u00f1ados para satisfacer las diversas necesidades de los usuarios. Desde los elegantes nuevos dispositivos Mac hasta las mejoras de software de vanguardia, Apple mostr\u00f3 su compromiso de empujar los l\u00edmites de la tecnolog\u00eda. \u00bfY el gran final? La presentaci\u00f3n de Apple Vision Pro, un revolucionario conjunto de gafas de realidad aumentada y virtual que cambiar\u00e1 el juego en la industria.<\/p>\n<p>Sum\u00e9rgete en los aspectos m\u00e1s destacados de la WWDC 2023, donde la innovaci\u00f3n y la creatividad ocupan un lugar central. Desde caracter\u00edsticas innovadoras hasta especificaciones impresionantes, aqu\u00ed tienes un vistazo a la visi\u00f3n de Apple para el futuro.<\/p>\n\t\t\t\t\t\t\t\t<\/div>\n\t\t\t\t<div class=\"elementor-element elementor-element-22dde7c elementor-toc--content-ellipsis elementor-widget elementor-widget-table-of-contents\" data-id=\"22dde7c\" data-element_type=\"widget\" data-e-type=\"widget\" data-settings=\"{&quot;headings_by_tags&quot;:[&quot;h2&quot;],&quot;container&quot;:&quot;#apple&quot;,&quot;exclude_headings_by_selector&quot;:[],&quot;marker_view&quot;:&quot;bullets&quot;,&quot;icon&quot;:{&quot;value&quot;:&quot;iconlivery icon-liverychevron-right&quot;,&quot;library&quot;:&quot;icomoon&quot;},&quot;no_headings_message&quot;:&quot;No se ha encontrado ning\\u00fan encabezado en esta p\\u00e1gina.&quot;,&quot;hierarchical_view&quot;:&quot;yes&quot;,&quot;min_height&quot;:{&quot;unit&quot;:&quot;px&quot;,&quot;size&quot;:&quot;&quot;,&quot;sizes&quot;:[]},&quot;min_height_widescreen&quot;:{&quot;unit&quot;:&quot;px&quot;,&quot;size&quot;:&quot;&quot;,&quot;sizes&quot;:[]},&quot;min_height_laptop&quot;:{&quot;unit&quot;:&quot;px&quot;,&quot;size&quot;:&quot;&quot;,&quot;sizes&quot;:[]},&quot;min_height_tablet&quot;:{&quot;unit&quot;:&quot;px&quot;,&quot;size&quot;:&quot;&quot;,&quot;sizes&quot;:[]},&quot;min_height_mobile&quot;:{&quot;unit&quot;:&quot;px&quot;,&quot;size&quot;:&quot;&quot;,&quot;sizes&quot;:[]}}\" data-widget_type=\"table-of-contents.default\">\n\t\t\t\t\t\t\t\t\t<div class=\"elementor-toc__header\">\n\t\t\t\t\t\t<h4 class=\"elementor-toc__header-title\">\n\t\t\t\t\u00cdndice\t\t\t<\/h4>\n\t\t\t\t\t\t\t\t<\/div>\n\t\t\t\t<div id=\"elementor-toc__22dde7c\" class=\"elementor-toc__body\">\n\t\t\t<div class=\"elementor-toc__spinner-container\">\n\t\t\t\t<i class=\"elementor-toc__spinner eicon-animation-spin eicon-loading\" aria-hidden=\"true\"><\/i>\t\t\t<\/div>\n\t\t<\/div>\n\t\t\t\t\t\t<\/div>\n\t\t\t\t\t<\/div>\n\t\t\t\t<\/div>\n\t\t\t\t<div class=\"elementor-element elementor-element-7fcecea elementor-widget-divider--view-line elementor-widget elementor-widget-divider\" data-id=\"7fcecea\" data-element_type=\"widget\" data-e-type=\"widget\" data-widget_type=\"divider.default\">\n\t\t\t\t\t\t\t<div class=\"elementor-divider\">\n\t\t\t<span class=\"elementor-divider-separator\">\n\t\t\t\t\t\t<\/span>\n\t\t<\/div>\n\t\t\t\t\t\t<\/div>\n\t\t\t\t<div class=\"elementor-element elementor-element-88cc357 elementor-widget elementor-widget-heading\" data-id=\"88cc357\" data-element_type=\"widget\" data-e-type=\"widget\" data-widget_type=\"heading.default\">\n\t\t\t\t\t<h2 class=\"elementor-heading-title elementor-size-default\">Mac<\/h2>\t\t\t\t<\/div>\n\t\t\t\t<div class=\"elementor-element elementor-element-efab60e elementor-widget elementor-widget-heading\" data-id=\"efab60e\" data-element_type=\"widget\" data-e-type=\"widget\" data-widget_type=\"heading.default\">\n\t\t\t\t\t<h3 class=\"elementor-heading-title elementor-size-default\">MacBook Air M2 de 15 pulgadas<\/h3>\t\t\t\t<\/div>\n\t\t\t\t<div class=\"elementor-element elementor-element-1500b49 elementor-widget elementor-widget-text-editor\" data-id=\"1500b49\" data-element_type=\"widget\" data-e-type=\"widget\" data-widget_type=\"text-editor.default\">\n\t\t\t\t\t\t\t\t\t<p>El evento comenz\u00f3 con la presentaci\u00f3n del esperado MacBook Air. Este elegante y potente dispositivo cuenta con una impresionante pantalla de 15.3 pulgadas, dos puertos Thunderbolt USB-C y el r\u00e1pido chip M2. Al igual que el modelo presentado hace un a\u00f1o, esta versi\u00f3n m\u00e1s grande ofrece las mismas prestaciones en cuanto a rendimiento, potenciadas por el chip M2. Una caracter\u00edstica destacada es la opci\u00f3n de memoria unificada, que va desde 8 GB hasta 24 GB, y el almacenamiento m\u00ednimo de 256 GB, ampliable hasta 2 TB.<\/p>\n<p><b>La ligereza es clave<\/b> en esta versi\u00f3n del MacBook Air. Si bien es evidente que aumenta en dimensiones y peso en comparaci\u00f3n con el modelo de 13.6 pulgadas, Apple contin\u00faa destacando su ligereza en comparaci\u00f3n con otras computadoras port\u00e1tiles de tama\u00f1o similar. Adem\u00e1s, se ha optado por incluir un panel IPS a 60 Hz y con notch incorporado, siguiendo la tendencia ya vista en los MacBook Pro M2.<\/p>\n<p>Con una <b>autonom\u00eda de hasta 18 horas<\/b>, este MacBook Air es <b>ideal para aquellos que valoran una pantalla grande antes que la potencia.<\/b> Ya seas un profesional creativo o un entusiasta de la multitarea, este nuevo MacBook Air est\u00e1 dise\u00f1ado para llevar tu productividad a nuevos niveles. Su rendimiento excepcional y su experiencia de usuario eficiente hacen que supere incluso a los procesadores Intel m\u00e1s potentes.<\/p>\n\t\t\t\t\t\t\t\t<\/div>\n\t\t\t\t<div class=\"elementor-element elementor-element-ca2769d elementor-widget elementor-widget-image\" data-id=\"ca2769d\" data-element_type=\"widget\" data-e-type=\"widget\" data-widget_type=\"image.default\">\n\t\t\t\t\t\t\t\t\t\t\t\t\t\t\t<img loading=\"lazy\" decoding=\"async\" width=\"800\" height=\"509\" src=\"https:\/\/www.applivery.com\/wp-content\/uploads\/2023\/06\/8-1024x651.png\" class=\"attachment-large size-large wp-image-29528\" alt=\"\" srcset=\"https:\/\/www.applivery.com\/wp-content\/uploads\/2023\/06\/8-1024x651.png 1024w, https:\/\/www.applivery.com\/wp-content\/uploads\/2023\/06\/8-300x191.png 300w, https:\/\/www.applivery.com\/wp-content\/uploads\/2023\/06\/8-768x489.png 768w, https:\/\/www.applivery.com\/wp-content\/uploads\/2023\/06\/8.png 1080w\" sizes=\"auto, (max-width: 800px) 100vw, 800px\" title=\"8 | Applivery\" \/>\t\t\t\t\t\t\t\t\t\t\t\t\t\t\t<\/div>\n\t\t\t\t<div class=\"elementor-element elementor-element-ea258b8 elementor-widget elementor-widget-heading\" data-id=\"ea258b8\" data-element_type=\"widget\" data-e-type=\"widget\" data-widget_type=\"heading.default\">\n\t\t\t\t\t<h3 class=\"elementor-heading-title elementor-size-default\">Mac Studio con M2 Max y M2 Ultra Chips \n<\/h3>\t\t\t\t<\/div>\n\t\t\t\t<div class=\"elementor-element elementor-element-2e065d4 elementor-widget elementor-widget-text-editor\" data-id=\"2e065d4\" data-element_type=\"widget\" data-e-type=\"widget\" data-widget_type=\"text-editor.default\">\n\t\t\t\t\t\t\t\t\t<p>Apple ha decidido renovar su producto estrella para profesionales, brindando a\u00fan <b>m\u00e1s potencia y rendimiento<\/b>. Los Mac Studio han captado la atenci\u00f3n de muchos debido a su gran capacidad en un espacio reducido, lo que facilita la configuraci\u00f3n de un espacio de trabajo c\u00f3modo. En esta ocasi\u00f3n, Apple ha mantenido el dise\u00f1o, pero ha integrado los <b>potentes chips M2 Max y M2 Ultra<\/b> en su configuraci\u00f3n, demostrando su compromiso con el rendimiento y la innovaci\u00f3n.<\/p>\n<p>Con este cambio, Apple apuesta por una CPU de 24 n\u00facleos, que ofrece un rendimiento un 20% m\u00e1s r\u00e1pido que el M1 Ultra. Adem\u00e1s, cuenta con una GPU de 64 n\u00facleos, lo que proporciona un aumento del rendimiento del 30%. Pero la verdadera novedad se encuentra en el motor neuronal, con 32 n\u00facleos, que potencia la capacidad de procesamiento y aprendizaje de la m\u00e1quina. Sin embargo, el aspecto m\u00e1s destacado es la memoria RAM, con una capacidad unificada de hasta 192 GB, lo que representa un incremento del 50% en comparaci\u00f3n con el modelo anterior.<\/p>\n<p>Este nuevo Mac Studio ser\u00e1 capaz de reproducir <b>simult\u00e1neamente 22 transmisiones de v\u00eddeo en calidad 8K<\/b>, llevando la experiencia visual a un nivel superior. Adem\u00e1s, la conectividad se potencia al permitir la conexi\u00f3n de hasta 6 Pro Display XDR a trav\u00e9s del mismo puerto HDMI, brindando una mayor flexibilidad para los usuarios.<\/p>\n\t\t\t\t\t\t\t\t<\/div>\n\t\t\t\t<div class=\"elementor-element elementor-element-7c15647 elementor-widget elementor-widget-image\" data-id=\"7c15647\" data-element_type=\"widget\" data-e-type=\"widget\" data-widget_type=\"image.default\">\n\t\t\t\t\t\t\t\t\t\t\t\t\t\t\t<img decoding=\"async\" width=\"800\" height=\"509\" src=\"https:\/\/www.applivery.com\/wp-content\/uploads\/2023\/06\/9-1024x651.png\" class=\"attachment-large size-large wp-image-29531\" alt=\"\" loading=\"lazy\" srcset=\"https:\/\/www.applivery.com\/wp-content\/uploads\/2023\/06\/9-1024x651.png 1024w, https:\/\/www.applivery.com\/wp-content\/uploads\/2023\/06\/9-300x191.png 300w, https:\/\/www.applivery.com\/wp-content\/uploads\/2023\/06\/9-768x489.png 768w, https:\/\/www.applivery.com\/wp-content\/uploads\/2023\/06\/9.png 1080w\" sizes=\"auto, (max-width: 800px) 100vw, 800px\" title=\"9 | Applivery\" \/>\t\t\t\t\t\t\t\t\t\t\t\t\t\t\t<\/div>\n\t\t\t\t<div class=\"elementor-element elementor-element-616f906 elementor-widget elementor-widget-heading\" data-id=\"616f906\" data-element_type=\"widget\" data-e-type=\"widget\" data-widget_type=\"heading.default\">\n\t\t\t\t\t<h3 class=\"elementor-heading-title elementor-size-default\">Mac Pro con M2 Ultra Chip<\/h3>\t\t\t\t<\/div>\n\t\t\t\t<div class=\"elementor-element elementor-element-bfd82ae elementor-widget elementor-widget-text-editor\" data-id=\"bfd82ae\" data-element_type=\"widget\" data-e-type=\"widget\" data-widget_type=\"text-editor.default\">\n\t\t\t\t\t\t\t\t\t<p>Finalmente, Apple ha integrado procesadores Apple Silicon en su nuevo Mac Pro, cerrando as\u00ed un ciclo de transici\u00f3n hacia su propia arquitectura de chips. Este nuevo Mac Pro ofrece un rendimiento incomparable para aquellos profesionales que buscan potencia y desempe\u00f1o sin l\u00edmites. Equipado con el <b>chip M2 Ultra, cuenta con una CPU de 24 n\u00facleos, una GPU de 76 n\u00facleos y una impresionante memoria RAM de 192 GB<\/b>. Adem\u00e1s, incorpora un motor neuronal de 32 n\u00facleos, lo que permite un procesamiento inteligente y r\u00e1pido.<\/p>\n<p>En t\u00e9rminos de conectividad, el Mac Pro ofrece mejoras significativas al incluir ocho puertos Thunderbolt 4 integrados (seis en la parte posterior y dos en la parte superior). Esto brinda una amplia variedad de opciones de conexi\u00f3n y permite una transferencia de datos r\u00e1pida y eficiente. Adem\u00e1s, cuenta con dos puertos HDMI que admiten resoluciones de hasta 8K, lo que proporciona una experiencia visual impresionante. La conectividad inal\u00e1mbrica tambi\u00e9n se ha mejorado con la incorporaci\u00f3n de Wi-Fi 6E y Bluetooth 5.3, asegurando una conexi\u00f3n r\u00e1pida y estable.<\/p>\n<p>\u00bfSu precio? Partiendo de una configuraci\u00f3n b\u00e1sica de <b>6.999 d\u00f3lares<\/b>, el precio puede aumentar considerablemente dependiendo del procesador y la cantidad de memoria RAM seleccionada. Aunque este precio puede ser un factor a considerar, aquellos que buscan el m\u00e1ximo rendimiento y capacidades sin igual encontrar\u00e1n en el Mac Pro una herramienta poderosa y confiable para sus necesidades profesionales.<\/p>\t\t\t\t\t\t\t\t<\/div>\n\t\t\t\t<div class=\"elementor-element elementor-element-a029168 elementor-widget elementor-widget-image\" data-id=\"a029168\" data-element_type=\"widget\" data-e-type=\"widget\" data-widget_type=\"image.default\">\n\t\t\t\t\t\t\t\t\t\t\t\t\t\t\t<img decoding=\"async\" width=\"800\" height=\"509\" src=\"https:\/\/www.applivery.com\/wp-content\/uploads\/2023\/06\/Images-for-blog-1024x652.png\" class=\"attachment-large size-large wp-image-29555\" alt=\"\" loading=\"lazy\" srcset=\"https:\/\/www.applivery.com\/wp-content\/uploads\/2023\/06\/Images-for-blog-1024x652.png 1024w, https:\/\/www.applivery.com\/wp-content\/uploads\/2023\/06\/Images-for-blog-300x191.png 300w, https:\/\/www.applivery.com\/wp-content\/uploads\/2023\/06\/Images-for-blog-768x489.png 768w, https:\/\/www.applivery.com\/wp-content\/uploads\/2023\/06\/Images-for-blog.png 1350w\" sizes=\"auto, (max-width: 800px) 100vw, 800px\" title=\"Images for blog | Applivery\" \/>\t\t\t\t\t\t\t\t\t\t\t\t\t\t\t<\/div>\n\t\t\t\t<div class=\"elementor-element elementor-element-7527adf elementor-widget-divider--view-line elementor-widget elementor-widget-divider\" data-id=\"7527adf\" data-element_type=\"widget\" data-e-type=\"widget\" data-widget_type=\"divider.default\">\n\t\t\t\t\t\t\t<div class=\"elementor-divider\">\n\t\t\t<span class=\"elementor-divider-separator\">\n\t\t\t\t\t\t<\/span>\n\t\t<\/div>\n\t\t\t\t\t\t<\/div>\n\t\t\t\t<div class=\"elementor-element elementor-element-37b51f0 elementor-widget elementor-widget-heading\" data-id=\"37b51f0\" data-element_type=\"widget\" data-e-type=\"widget\" data-widget_type=\"heading.default\">\n\t\t\t\t\t<h2 class=\"elementor-heading-title elementor-size-default\">iOS 17<\/h2>\t\t\t\t<\/div>\n\t\t\t\t<div class=\"elementor-element elementor-element-c2e6879 elementor-widget elementor-widget-text-editor\" data-id=\"c2e6879\" data-element_type=\"widget\" data-e-type=\"widget\" data-widget_type=\"text-editor.default\">\n\t\t\t\t\t\t\t\t\t<p>La nueva actualizaci\u00f3n de iOS 17 trae consigo muchas novedades y peque\u00f1as mejoras entre las que destacamos:<\/p>\n\t\t\t\t\t\t\t\t<\/div>\n\t\t\t\t<div class=\"elementor-element elementor-element-1b82502 elementor-widget elementor-widget-text-editor\" data-id=\"1b82502\" data-element_type=\"widget\" data-e-type=\"widget\" data-widget_type=\"text-editor.default\">\n\t\t\t\t\t\t\t\t\t<ul>\n<li>Una mayor <b>personalizaci\u00f3n<\/b> en tus contactos y en la pantalla de bloqueo, brindando una experiencia m\u00e1s personal y atractiva. Ahora, podr\u00e1s editar tus contactos con una nueva interfaz que permite a\u00f1adir fotos y memojis, as\u00ed como utilizar tipograf\u00edas llamativas. Estas im\u00e1genes se mostrar\u00e1n cuando recibas una llamada de ese contacto y estar\u00e1n visibles durante toda la conversaci\u00f3n.<\/li>\n<\/ul>\n<div> <\/div>\n<ul>\n<li>A las <b>llamadas<\/b> se les ha introducido la funci\u00f3n de transcripci\u00f3n en vivo en tiempo real, lo que permite a las personas con discapacidad auditiva leer la conversaci\u00f3n mientras se desarrolla. Esta funci\u00f3n tambi\u00e9n se aplica a los mensajes de voz en la aplicaci\u00f3n de Mensajes, haciendo que la comunicaci\u00f3n sea m\u00e1s accesible. Adem\u00e1s, responder a los mensajes es m\u00e1s sencillo, ya que solo necesitas deslizar el dedo, y la funci\u00f3n de b\u00fasqueda te ayuda a encontrar mensajes perdidos m\u00e1s f\u00e1cilmente.<\/li>\n<\/ul>\n<div> <\/div>\n<ul>\n<li><b>Compartir la ubicaci\u00f3n en tiempo real con la funci\u00f3n \u00abCheck in\u00bb<\/b>, permitiendo que tus familiares y amigos te sigan el rastro. Adem\u00e1s, si no puedes responder a una llamada, se enviar\u00e1 una alerta a la otra persona para que est\u00e9n al tanto.<\/li>\n<\/ul>\n<div> <\/div>\n<ul>\n<li>En <b>FaceTime<\/b>, ahora podr\u00e1s dejar mensajes de v\u00eddeo si la persona no responde a la llamada, al igual que en un buz\u00f3n de voz tradicional. Los stickers tambi\u00e9n se han expandido y ahora podr\u00e1s utilizarlos en aplicaciones de terceros, brindando a\u00fan m\u00e1s opciones de expresi\u00f3n.<\/li>\n<\/ul>\n<div> <\/div>\n<ul>\n<li><b>AirDrop<\/b> tambi\u00e9n ha sido mejorado en iOS 17. Ahora, si est\u00e1s compartiendo archivos grandes a trav\u00e9s de este sistema, podr\u00e1s alejarte del iPhone emisor sin perder la conexi\u00f3n, ya que utilizar\u00e1 la conexi\u00f3n a internet para seguir compartiendo los archivos.<\/li>\n<\/ul>\n<div> <\/div>\n<ul>\n<li>El <b>autocorrector<\/b> tambi\u00e9n ha sido optimizado y ahora es m\u00e1s fiable, gracias a un modelo de lenguaje \u00abtransformador\u00bb. Aprender\u00e1 de las correcciones que realices, lo que mejorar\u00e1 la experiencia del usuario. El dictado por voz tambi\u00e9n funciona mejor, gracias al uso de un motor neuronal.<\/li>\n<\/ul>\n<div> <\/div>\n<ul>\n<li>Nueva aplicaci\u00f3n llamada <b>\u00abJournal\u00bb<\/b> que te permite agrupar tus recuerdos, incluyendo personas, lugares, actividades y m\u00fasica, adem\u00e1s de fotograf\u00edas. Esta aplicaci\u00f3n funciona como un aut\u00e9ntico diario, donde puedes escribir tus sensaciones sobre los momentos que est\u00e1s recopilando. Sin embargo, esta aplicaci\u00f3n estar\u00e1 disponible m\u00e1s adelante, probablemente con una actualizaci\u00f3n de iOS.<\/li>\n<\/ul>\n<div> <\/div>\n<ul>\n<li>Otro cambio importante en iOS 17 es la forma de invocar a Siri. Ahora solo necesitas decir <b>\u00abSiri\u00bb en lugar de \u00abOye Siri\u00bb<\/b>. Adem\u00e1s, podr\u00e1s darle comandos consecutivos sin tener que invocarla nuevamente.<\/li>\n<\/ul>\n<div> <\/div>\n<ul>\n<li><b>Funci\u00f3n \u00abStandBy\u00bb<\/b> que convierte tu iPhone en un elegante despertador cuando est\u00e1 colocado en un soporte MagSafe. Esta funci\u00f3n muestra una pantalla personalizable con la hora, fotograf\u00edas, widgets, el clima y el calendario. Se adapta a la luz ambiente y ofrece un tono rojo durante la noche para ayudarte a dormir.<\/li>\n<\/ul>\n\t\t\t\t\t\t\t\t<\/div>\n\t\t\t\t<div class=\"elementor-element elementor-element-cadb3ab elementor-widget elementor-widget-text-editor\" data-id=\"cadb3ab\" data-element_type=\"widget\" data-e-type=\"widget\" data-widget_type=\"text-editor.default\">\n\t\t\t\t\t\t\t\t\t<p>Con todas estas mejoras y nuevas funciones, iOS 17 lleva la personalizaci\u00f3n y la experiencia del usuario a un nivel superior, brindando una experiencia m\u00e1s fluida, intuitiva y emocionante.<\/p>\n\t\t\t\t\t\t\t\t<\/div>\n\t\t\t\t<div class=\"elementor-element elementor-element-7737068 elementor-widget elementor-widget-image\" data-id=\"7737068\" data-element_type=\"widget\" data-e-type=\"widget\" data-widget_type=\"image.default\">\n\t\t\t\t\t\t\t\t\t\t\t\t\t\t\t<img decoding=\"async\" width=\"800\" height=\"509\" src=\"https:\/\/www.applivery.com\/wp-content\/uploads\/2023\/06\/Images-for-blog-4-1024x651.png\" class=\"attachment-large size-large wp-image-29570\" alt=\"\" loading=\"lazy\" srcset=\"https:\/\/www.applivery.com\/wp-content\/uploads\/2023\/06\/Images-for-blog-4-1024x651.png 1024w, https:\/\/www.applivery.com\/wp-content\/uploads\/2023\/06\/Images-for-blog-4-300x191.png 300w, https:\/\/www.applivery.com\/wp-content\/uploads\/2023\/06\/Images-for-blog-4-768x489.png 768w, https:\/\/www.applivery.com\/wp-content\/uploads\/2023\/06\/Images-for-blog-4.png 1080w\" sizes=\"auto, (max-width: 800px) 100vw, 800px\" title=\"Images for blog 4 | Applivery\" \/>\t\t\t\t\t\t\t\t\t\t\t\t\t\t\t<\/div>\n\t\t\t\t<div class=\"elementor-element elementor-element-71d238e elementor-widget-divider--view-line elementor-widget elementor-widget-divider\" data-id=\"71d238e\" data-element_type=\"widget\" data-e-type=\"widget\" data-widget_type=\"divider.default\">\n\t\t\t\t\t\t\t<div class=\"elementor-divider\">\n\t\t\t<span class=\"elementor-divider-separator\">\n\t\t\t\t\t\t<\/span>\n\t\t<\/div>\n\t\t\t\t\t\t<\/div>\n\t\t\t\t<div class=\"elementor-element elementor-element-6aebe60 elementor-widget elementor-widget-heading\" data-id=\"6aebe60\" data-element_type=\"widget\" data-e-type=\"widget\" data-widget_type=\"heading.default\">\n\t\t\t\t\t<h2 class=\"elementor-heading-title elementor-size-default\">iPadOS 17<\/h2>\t\t\t\t<\/div>\n\t\t\t\t<div class=\"elementor-element elementor-element-8cf42a3 elementor-widget elementor-widget-text-editor\" data-id=\"8cf42a3\" data-element_type=\"widget\" data-e-type=\"widget\" data-widget_type=\"text-editor.default\">\n\t\t\t\t\t\t\t\t\t<p>iPadOS 17, trae consigo una evoluci\u00f3n significativa en lugar de una revoluci\u00f3n. Gran parte de sus novedades se basan en lo que ya vimos en iOS 16 y iOS 17:<\/p>\n\t\t\t\t\t\t\t\t<\/div>\n\t\t\t\t<div class=\"elementor-element elementor-element-da04bca elementor-widget elementor-widget-text-editor\" data-id=\"da04bca\" data-element_type=\"widget\" data-e-type=\"widget\" data-widget_type=\"text-editor.default\">\n\t\t\t\t\t\t\t\t\t<ul>\n<li>Introducci\u00f3n de <b>widgets interactivos<\/b> en la pantalla de inicio, permiti\u00e9ndote reproducir m\u00fasica o marcar recordatorios como completados sin tener que abrir la aplicaci\u00f3n correspondiente. Esta funci\u00f3n tambi\u00e9n se comparte con iOS 17.<\/li>\n<\/ul>\n<div> <\/div>\n<ul>\n<li>Posibilidad de tener <b>diferentes pantallas de bloqueo al estilo del iPhone,<\/b> lo que te permite personalizar fondos de pantalla y cambiar la fuente de la fecha. Adem\u00e1s, puedes a\u00f1adir widgets a estas pantallas de bloqueo.<\/li>\n<\/ul>\n<div> <\/div>\n<ul>\n<li>Las <b>\u00abLive Activities\u00bb<\/b> tambi\u00e9n hacen su aparici\u00f3n en los iPads, brind\u00e1ndote la posibilidad de configurar temporizadores o consultar resultados deportivos en directo desde la pantalla de bloqueo, al igual que en iOS 17.<\/li>\n<\/ul>\n<div> <\/div>\n<ul>\n<li>La <b>aplicaci\u00f3n \u00abSalud\u00bb<\/b> tambi\u00e9n recibe una actualizaci\u00f3n importante, llegando en un formato adaptado a la pantalla m\u00e1s grande de los iPads. Ahora podr\u00e1s controlar los mismos aspectos de salud que antes solo estaban disponibles en los iPhones.<\/li>\n<\/ul>\n<div> <\/div>\n<ul>\n<li>En cuanto a la gesti\u00f3n de documentos PDF, se han incorporado mejoras, como la posibilidad de <b>firmar documentos con Apple Pencil<\/b> o utilizar la funci\u00f3n de autocompletar en campos de texto. Tambi\u00e9n podr\u00e1s crear documentos de forma colaborativa.<\/li>\n<\/ul>\n<div> <\/div>\n<ul>\n<li>Otra mejora notable es la capacidad de <b>organizar visualmente el contenido mediante el uso de diferentes tama\u00f1os de ventana.<\/b> Esto es especialmente \u00fatil cuando se utiliza el iPad con un monitor externo, permitiendo una mejor organizaci\u00f3n del espacio.<\/li>\n<\/ul>\n<div> <\/div>\n<ul>\n<li>iPadOS 17 tambi\u00e9n comparte algunas novedades con otros sistemas de Apple, como la opci\u00f3n de <b>dejar mensajes en v\u00eddeo a trav\u00e9s de FaceTime<\/b> cuando no obtengas respuesta a una llamada.<\/li>\n<\/ul>\n<div> <\/div>\n<ul>\n<li>Adem\u00e1s, al igual que en iOS 17, ya no ser\u00e1 necesario decir \u00abOye Siri\u00bb para invocar al asistente, bastar\u00e1 con decir <b>\u00abSiri\u00bb<\/b>.<\/li>\n<\/ul>\n\t\t\t\t\t\t\t\t<\/div>\n\t\t\t\t<div class=\"elementor-element elementor-element-3ce66fa elementor-widget elementor-widget-text-editor\" data-id=\"3ce66fa\" data-element_type=\"widget\" data-e-type=\"widget\" data-widget_type=\"text-editor.default\">\n\t\t\t\t\t\t\t\t\t<p>Con todas estas mejoras, iPadOS 17 ofrece una experiencia mejorada y m\u00e1s completa para los usuarios de iPad, brindando mayor personalizaci\u00f3n, funcionalidades adicionales y una mejor gesti\u00f3n del contenido.<\/p>\n\t\t\t\t\t\t\t\t<\/div>\n\t\t\t\t<div class=\"elementor-element elementor-element-2d91eb9 elementor-widget elementor-widget-image\" data-id=\"2d91eb9\" data-element_type=\"widget\" data-e-type=\"widget\" data-widget_type=\"image.default\">\n\t\t\t\t\t\t\t\t\t\t\t\t\t\t\t<img decoding=\"async\" width=\"800\" height=\"509\" src=\"https:\/\/www.applivery.com\/wp-content\/uploads\/2023\/06\/12-1024x651.png\" class=\"attachment-large size-large wp-image-29540\" alt=\"\" loading=\"lazy\" srcset=\"https:\/\/www.applivery.com\/wp-content\/uploads\/2023\/06\/12-1024x651.png 1024w, https:\/\/www.applivery.com\/wp-content\/uploads\/2023\/06\/12-300x191.png 300w, https:\/\/www.applivery.com\/wp-content\/uploads\/2023\/06\/12-768x489.png 768w, https:\/\/www.applivery.com\/wp-content\/uploads\/2023\/06\/12.png 1080w\" sizes=\"auto, (max-width: 800px) 100vw, 800px\" title=\"12 | Applivery\" \/>\t\t\t\t\t\t\t\t\t\t\t\t\t\t\t<\/div>\n\t\t\t\t<div class=\"elementor-element elementor-element-b7fe77c elementor-widget-divider--view-line elementor-widget elementor-widget-divider\" data-id=\"b7fe77c\" data-element_type=\"widget\" data-e-type=\"widget\" data-widget_type=\"divider.default\">\n\t\t\t\t\t\t\t<div class=\"elementor-divider\">\n\t\t\t<span class=\"elementor-divider-separator\">\n\t\t\t\t\t\t<\/span>\n\t\t<\/div>\n\t\t\t\t\t\t<\/div>\n\t\t\t\t<div class=\"elementor-element elementor-element-82887ce elementor-widget elementor-widget-heading\" data-id=\"82887ce\" data-element_type=\"widget\" data-e-type=\"widget\" data-widget_type=\"heading.default\">\n\t\t\t\t\t<h2 class=\"elementor-heading-title elementor-size-default\">macOS Sonoma<\/h2>\t\t\t\t<\/div>\n\t\t\t\t<div class=\"elementor-element elementor-element-32a8eb3 elementor-widget elementor-widget-text-editor\" data-id=\"32a8eb3\" data-element_type=\"widget\" data-e-type=\"widget\" data-widget_type=\"text-editor.default\">\n\t\t\t\t\t\t\t\t\t<p>La nueva versi\u00f3n de macOS llega con emocionantes novedades que mejorar\u00e1n la experiencia de los usuarios. Una de las primeras actualizaciones que notar\u00e1s son los nuevos <b>fondos de pantalla inspirados en Sonoma<\/b>, que a\u00f1aden un toque fresco y vibrante a tu escritorio.<\/p>\n<p>Pero lo m\u00e1s destacado es el <b>soporte para widgets<\/b>, que antes se encontraban en el Centro de notificaciones y ahora pueden ser colocados directamente en el escritorio. Estos widgets son altamente personalizables y se desvanecer\u00e1n en segundo plano cuando abras una aplicaci\u00f3n para no distraerte. Adem\u00e1s, podr\u00e1s disfrutar de una amplia galer\u00eda de opciones, ya que se aprovechan los widgets disponibles en iOS. Incluso podr\u00e1s interactuar con los widgets de tu iPhone desde tu Mac y viceversa.<\/p>\n<p>En el \u00e1mbito de los <b>juegos<\/b>, Apple ha introducido un nuevo modo de juego que prioriza el rendimiento de la CPU y la GPU para brindar la mejor experiencia de juego. Adem\u00e1s, se ha proporcionado a los desarrolladores un nuevo conjunto de herramientas que facilitar\u00e1 la adaptaci\u00f3n de juegos a macOS, similar a lo que ocurre con los juegos de PC. Una sorpresa emocionante fue la aparici\u00f3n de Hideo Kojima, quien anunci\u00f3 que Death Stranding estar\u00e1 disponible en macOS.<\/p>\n<p>Safari tambi\u00e9n ha recibido mejoras significativas, como la posibilidad de crear <b>perfiles separados para el trabajo y el uso personal.<\/b> Esto permitir\u00e1 tener marcadores y configuraciones espec\u00edficas para cada \u00e1mbito, y Apple busca promover la desconexi\u00f3n digital y el equilibrio en la vida laboral y personal.<\/p>\n<p>Adem\u00e1s, se ha a\u00f1adido un <b>nuevo sistema de contrase\u00f1as compartidas con la familia<\/b>, lo que facilitar\u00e1 la gesti\u00f3n de contrase\u00f1as y mejorar\u00e1 la seguridad. Tambi\u00e9n se ha introducido la posibilidad de crear aplicaciones para cualquier sitio web, lo que brinda una experiencia m\u00e1s fluida y personalizada al navegar por la web.<\/p>\n<p>De esta manera, macOS se consolida como un sistema operativo poderoso y vers\u00e1til, ofreciendo un entorno de trabajo y entretenimiento excepcional para los usuarios de Mac.<\/p>\n\t\t\t\t\t\t\t\t<\/div>\n\t\t\t\t<div class=\"elementor-element elementor-element-49c529c elementor-widget elementor-widget-image\" data-id=\"49c529c\" data-element_type=\"widget\" data-e-type=\"widget\" data-widget_type=\"image.default\">\n\t\t\t\t\t\t\t\t\t\t\t\t\t\t\t<img decoding=\"async\" width=\"800\" height=\"509\" src=\"https:\/\/www.applivery.com\/wp-content\/uploads\/2023\/06\/13-1024x651.png\" class=\"attachment-large size-large wp-image-29543\" alt=\"\" loading=\"lazy\" srcset=\"https:\/\/www.applivery.com\/wp-content\/uploads\/2023\/06\/13-1024x651.png 1024w, https:\/\/www.applivery.com\/wp-content\/uploads\/2023\/06\/13-300x191.png 300w, https:\/\/www.applivery.com\/wp-content\/uploads\/2023\/06\/13-768x489.png 768w, https:\/\/www.applivery.com\/wp-content\/uploads\/2023\/06\/13.png 1080w\" sizes=\"auto, (max-width: 800px) 100vw, 800px\" title=\"13 | Applivery\" \/>\t\t\t\t\t\t\t\t\t\t\t\t\t\t\t<\/div>\n\t\t\t\t<div class=\"elementor-element elementor-element-f084dee elementor-widget-divider--view-line elementor-widget elementor-widget-divider\" data-id=\"f084dee\" data-element_type=\"widget\" data-e-type=\"widget\" data-widget_type=\"divider.default\">\n\t\t\t\t\t\t\t<div class=\"elementor-divider\">\n\t\t\t<span class=\"elementor-divider-separator\">\n\t\t\t\t\t\t<\/span>\n\t\t<\/div>\n\t\t\t\t\t\t<\/div>\n\t\t\t\t<div class=\"elementor-element elementor-element-126cefb elementor-widget elementor-widget-heading\" data-id=\"126cefb\" data-element_type=\"widget\" data-e-type=\"widget\" data-widget_type=\"heading.default\">\n\t\t\t\t\t<h2 class=\"elementor-heading-title elementor-size-default\">watchOS 10<\/h2>\t\t\t\t<\/div>\n\t\t\t\t<div class=\"elementor-element elementor-element-d26973a elementor-widget elementor-widget-text-editor\" data-id=\"d26973a\" data-element_type=\"widget\" data-e-type=\"widget\" data-widget_type=\"text-editor.default\">\n\t\t\t\t\t\t\t\t\t<p>Despu\u00e9s de casi una d\u00e9cada, el sistema operativo de los Apple Watch se transforma por completo con el lanzamiento de watchOS 10. Esta nueva versi\u00f3n de software, presentada oficialmente por Apple, trae consigo una serie de cambios funcionales y visuales que reinventan por completo la interfaz de los relojes inteligentes.<\/p>\n<p>Una de las novedades m\u00e1s destacadas de watchOS 10 es el <b>cambio visual<\/b> que tanto se rumoreaba. Ahora, <b>la interfaz permite la inclusi\u00f3n de widgets<\/b> en cualquier esfera del reloj. Basta con girar la corona para que los widgets aparezcan en formato de pila, brindando una experiencia m\u00e1s fluida y personalizada.<\/p>\n<p>Adem\u00e1s, watchOS 10 introduce una serie de redise\u00f1os en las aplicaciones nativas del Apple Watch. Por ejemplo, la <b>app &#8216;Reloj Mundial&#8217;<\/b> presenta un <b>nuevo estilo<\/b> que adapta el color de fondo seg\u00fan la hora del d\u00eda en diferentes zonas horarias. Por su parte, &#8216;Actividad&#8217; ha a\u00f1adido iconos en las esquinas para acceder r\u00e1pidamente a informaci\u00f3n relevante y a los trofeos obtenidos.<\/p>\n<p>Por supuesto, no pod\u00edan faltar las nuevas esferas que a\u00f1aden un toque de diversi\u00f3n y personalidad al Apple Watch. Entre ellas, destaca la animada de Snoopy, en el estilo cl\u00e1sico de Micky y Minnie Mouse. Tambi\u00e9n se presenta la esfera &#8216;Paleta&#8217;, cuyos colores cambian a lo largo del d\u00eda, creando una experiencia visualmente din\u00e1mica.<\/p>\n<p>En cuanto a las funciones de entrenamiento, watchOS 10 trae mejoras significativas para las actividades en bicicleta. Ahora es posible <b>conectar el Apple Watch a sensores de bicicleta a trav\u00e9s de Bluetooth<\/b>, lo que proporciona mediciones m\u00e1s precisas y nuevas m\u00e9tricas.<\/p>\n<p>Asimismo, los entrenamientos de senderismo tambi\u00e9n reciben mejoras con <b>dos nuevos puntos de referencia que indican la cobertura m\u00f3vil en caso de emergencia.<\/b> Estas funciones est\u00e1n orientadas especialmente al Apple Watch Ultra.<\/p>\n<p>Por otro lado, watchOS 10 permite utilizar mapas sin conexi\u00f3n desde el iPhone a trav\u00e9s de la aplicaci\u00f3n &#8216;Apple Maps&#8217;. De esta manera, incluso en \u00e1reas sin cobertura de datos, los usuarios podr\u00e1n obtener informaci\u00f3n y navegar con facilidad.<\/p>\n<p>Junto con iOS 17, Apple ha a\u00f1adido en watchOS 10 un nuevo registro para la <b>salud emocional<\/b>. Ahora es posible registrar el estado de \u00e1nimo y seleccionar c\u00f3mo nos sentimos, lo que permitir\u00e1 al reloj, a trav\u00e9s de la monitorizaci\u00f3n del sue\u00f1o y otros par\u00e1metros, ofrecer consejos para mejorar nuestra salud mental.<\/p>\n<p>Con watchOS 10, Apple ha dado un paso revolucionario en la evoluci\u00f3n de los Apple Watch. Estas nuevas mejoras funcionales y visuales proporcionan a los usuarios una <b>experiencia m\u00e1s personalizada y completa<\/b>, reafirmando la posici\u00f3n de los relojes inteligentes de Apple como l\u00edderes en el mercado.<\/p>\n\t\t\t\t\t\t\t\t<\/div>\n\t\t\t\t<div class=\"elementor-element elementor-element-0ca9f15 elementor-widget elementor-widget-image\" data-id=\"0ca9f15\" data-element_type=\"widget\" data-e-type=\"widget\" data-widget_type=\"image.default\">\n\t\t\t\t\t\t\t\t\t\t\t\t\t\t\t<img decoding=\"async\" width=\"800\" height=\"509\" src=\"https:\/\/www.applivery.com\/wp-content\/uploads\/2023\/06\/14-1024x651.png\" class=\"attachment-large size-large wp-image-29546\" alt=\"\" loading=\"lazy\" srcset=\"https:\/\/www.applivery.com\/wp-content\/uploads\/2023\/06\/14-1024x651.png 1024w, https:\/\/www.applivery.com\/wp-content\/uploads\/2023\/06\/14-300x191.png 300w, https:\/\/www.applivery.com\/wp-content\/uploads\/2023\/06\/14-768x489.png 768w, https:\/\/www.applivery.com\/wp-content\/uploads\/2023\/06\/14.png 1080w\" sizes=\"auto, (max-width: 800px) 100vw, 800px\" title=\"14 | Applivery\" \/>\t\t\t\t\t\t\t\t\t\t\t\t\t\t\t<\/div>\n\t\t\t\t<div class=\"elementor-element elementor-element-10392a8 elementor-widget-divider--view-line elementor-widget elementor-widget-divider\" data-id=\"10392a8\" data-element_type=\"widget\" data-e-type=\"widget\" data-widget_type=\"divider.default\">\n\t\t\t\t\t\t\t<div class=\"elementor-divider\">\n\t\t\t<span class=\"elementor-divider-separator\">\n\t\t\t\t\t\t<\/span>\n\t\t<\/div>\n\t\t\t\t\t\t<\/div>\n\t\t\t\t<div class=\"elementor-element elementor-element-83246aa elementor-widget elementor-widget-heading\" data-id=\"83246aa\" data-element_type=\"widget\" data-e-type=\"widget\" data-widget_type=\"heading.default\">\n\t\t\t\t\t<h2 class=\"elementor-heading-title elementor-size-default\">tvOS 17<\/h2>\t\t\t\t<\/div>\n\t\t\t\t<div class=\"elementor-element elementor-element-dac7c40 elementor-widget elementor-widget-text-editor\" data-id=\"dac7c40\" data-element_type=\"widget\" data-e-type=\"widget\" data-widget_type=\"text-editor.default\">\n\t\t\t\t\t\t\t\t\t<p>El esperado lanzamiento de tvOS 17 trae consigo una serie de emocionantes novedades que transformar\u00e1n por completo la experiencia de entretenimiento en nuestros hogares.<\/p>\n<p>Una de las caracter\u00edsticas m\u00e1s destacadas es la <b>renovaci\u00f3n del centro de control,<\/b> que ha sido redise\u00f1ado para ofrecer una mayor interactividad con los dispositivos conectados. Ahora, el centro de control desempe\u00f1a un papel crucial como centro de dom\u00f3tica, permiti\u00e9ndonos controlar y <b>gestionar todos los aspectos de nuestro hogar de manera sencilla y eficiente.<\/b><\/p>\n<p>Sin embargo, la verdadera novedad de tvOS 17 es la <b>incorporaci\u00f3n de FaceTime al Apple TV.<\/b> Gracias a la funci\u00f3n de continuidad y utilizando la c\u00e1mara del iPhone o iPad, ahora es posible disfrutar de <b>videollamadas de alta calidad<\/b> en la pantalla grande de nuestro televisor. Esta sinergia perfecta entre los dispositivos Apple nos brinda una experiencia inmersiva y conectada, acercando a nuestros seres queridos sin importar la distancia. Adem\u00e1s, la API de c\u00e1mara de continuidad tambi\u00e9n estar\u00e1 disponible para los desarrolladores de Apple TV, lo que significa que aplicaciones como Zoom podr\u00e1n aprovechar esta funcionalidad y ofrecer videoconferencias enriquecedoras directamente desde nuestro televisor.<\/p>\n<p>tvOS 17 combina la comodidad de la dom\u00f3tica con la potencia de las videollamadas en una sola plataforma. Con estas innovadoras caracter\u00edsticas, Apple contin\u00faa redefiniendo la forma en que disfrutamos de nuestro tiempo de ocio, creando experiencias envolventes y conectadas que nos acercan m\u00e1s a lo que amamos.<\/p>\n\t\t\t\t\t\t\t\t<\/div>\n\t\t\t\t<div class=\"elementor-element elementor-element-2c2798c elementor-widget elementor-widget-image\" data-id=\"2c2798c\" data-element_type=\"widget\" data-e-type=\"widget\" data-widget_type=\"image.default\">\n\t\t\t\t\t\t\t\t\t\t\t\t\t\t\t<img decoding=\"async\" width=\"800\" height=\"509\" src=\"https:\/\/www.applivery.com\/wp-content\/uploads\/2023\/06\/15-1024x651.png\" class=\"attachment-large size-large wp-image-29549\" alt=\"\" loading=\"lazy\" srcset=\"https:\/\/www.applivery.com\/wp-content\/uploads\/2023\/06\/15-1024x651.png 1024w, https:\/\/www.applivery.com\/wp-content\/uploads\/2023\/06\/15-300x191.png 300w, https:\/\/www.applivery.com\/wp-content\/uploads\/2023\/06\/15-768x489.png 768w, https:\/\/www.applivery.com\/wp-content\/uploads\/2023\/06\/15.png 1080w\" sizes=\"auto, (max-width: 800px) 100vw, 800px\" title=\"15 | Applivery\" \/>\t\t\t\t\t\t\t\t\t\t\t\t\t\t\t<\/div>\n\t\t\t\t<div class=\"elementor-element elementor-element-2499b9f elementor-widget-divider--view-line elementor-widget elementor-widget-divider\" data-id=\"2499b9f\" data-element_type=\"widget\" data-e-type=\"widget\" data-widget_type=\"divider.default\">\n\t\t\t\t\t\t\t<div class=\"elementor-divider\">\n\t\t\t<span class=\"elementor-divider-separator\">\n\t\t\t\t\t\t<\/span>\n\t\t<\/div>\n\t\t\t\t\t\t<\/div>\n\t\t\t\t<div class=\"elementor-element elementor-element-f8c4efa elementor-widget elementor-widget-heading\" data-id=\"f8c4efa\" data-element_type=\"widget\" data-e-type=\"widget\" data-widget_type=\"heading.default\">\n\t\t\t\t\t<h2 class=\"elementor-heading-title elementor-size-default\">Apple Vision Pro<\/h2>\t\t\t\t<\/div>\n\t\t\t\t<div class=\"elementor-element elementor-element-a21b12e elementor-widget elementor-widget-text-editor\" data-id=\"a21b12e\" data-element_type=\"widget\" data-e-type=\"widget\" data-widget_type=\"text-editor.default\">\n\t\t\t\t\t\t\t\t\t<p>La joya de la corona de esta edici\u00f3n del WWDC ha sido, sin duda, el lanzamiento de las gafas Apple Vision Pro.<\/p>\n<p>Este innovador dispositivo combina elementos de realidad virtual y aumentada para superponer una amplia gama de experiencias digitales en el mundo real. Aunque t\u00e9cnicamente no se trata de realidad aumentada convencional, Apple lo ha denominado <b>\u00abrealidad extendida\u00bb<\/b>, llevando la interacci\u00f3n digital a un nuevo nivel.<\/p>\n<p>Apple Vision Pro opera con <b>visionOS<\/b> , el <b>primer sistema operativo espacial del mundo<\/b>, que permite a los usuarios interactuar con el contenido digital de manera que parezca f\u00edsicamente presente en su espacio. El dispositivo cuenta con un sistema de visualizaci\u00f3n de <b>ultra alta resoluci\u00f3n con 23 millones de p\u00edxeles distribuidos en dos pantallas<\/b>, controladas por los ojos, las manos y la voz del usuario. Vision Pro ofrece una variedad de experiencias extraordinarias, como un <b>espacio de pantalla infinito<\/b>, entretenimiento inmersivo con audio espacial y la capacidad de capturar y revivir recuerdos en tres dimensiones.<\/p>\n<p>A diferencia de otros dispositivos similares, las gafas Vision Pro <b>no son opacas<\/b>, lo que permite que los dem\u00e1s vean nuestros ojos y que nosotros veamos el entorno real que nos rodea. Estas gafas ofrecen una serie de controles intuitivos, como la corona digital presente en los AirPods Max y el Apple Watch. Adem\u00e1s, est\u00e1n equipadas con una variedad de sensores y c\u00e1maras para una experiencia inmersiva y precisa.<\/p>\n<p>Aunque es posible utilizar accesorios de Mac, como teclados, ratones y trackpads, para interactuar con las pantallas de las Vision Pro, Apple ha enfatizado el uso de <b>gestos con los dedos<\/b> para dicha interacci\u00f3n. Uno de los gestos m\u00e1s populares es el de pellizcar. De esta manera, su interfaz de usuario, similar a la de macOS e iPadOS, presenta paneles interactivos que podemos controlar deslizando los dedos para navegar entre los men\u00fas y <b>redimensionar las ventanas seg\u00fan nuestras preferencias.<\/b><\/p>\n<p>Las aplicaciones disponibles son las mismas que encontramos en iPadOS, iOS y macOS. Esto significa que podemos disfrutar de aplicaciones nativas como Keynote, FaceTime, Apple TV y Apple Music, que aparecer\u00e1n flotando ante nuestros ojos de manera sorprendente.<\/p>\n\t\t\t\t\t\t\t\t<\/div>\n\t\t\t\t<div class=\"elementor-element elementor-element-9fac844 elementor-widget elementor-widget-video\" data-id=\"9fac844\" data-element_type=\"widget\" data-e-type=\"widget\" data-settings=\"{&quot;video_type&quot;:&quot;hosted&quot;,&quot;controls&quot;:&quot;yes&quot;}\" data-widget_type=\"video.default\">\n\t\t\t\t\t\t\t<div class=\"e-hosted-video elementor-wrapper elementor-open-inline\">\n\t\t\t\t\t<video class=\"elementor-video\" src=\"https:\/\/www.applivery.com\/wp-content\/uploads\/2023\/06\/vision-pro-video-2-1.mp4\" controls=\"\" preload=\"metadata\" controlsList=\"nodownload\"><\/video>\n\t\t\t\t<\/div>\n\t\t\t\t\t\t<\/div>\n\t\t\t\t<div class=\"elementor-element elementor-element-436f4ac elementor-widget elementor-widget-text-editor\" data-id=\"436f4ac\" data-element_type=\"widget\" data-e-type=\"widget\" data-widget_type=\"text-editor.default\">\n\t\t\t\t\t\t\t\t\t<p><span style=\"text-align: var(--text-align); font-family: var( --e-global-typography-9d5f275-font-family ),Sans-serif; font-size: var( --e-global-typography-9d5f275-font-size ); font-weight: var( --e-global-typography-9d5f275-font-weight ); letter-spacing: var( --e-global-typography-9d5f275-letter-spacing ); word-spacing: var( --e-global-typography-9d5f275-word-spacing ); background-color: var( --e-global-color-5c495ae ); color: var( --e-global-color-text );\">En cuanto al hardware, el chip M2 ha sido modificado para garantizar un funcionamiento silencioso, superando as\u00ed la experiencia de los iPad y Mac donde est\u00e1 presente. Adem\u00e1s, <\/span><b style=\"text-align: var(--text-align); font-family: var( --e-global-typography-9d5f275-font-family ),Sans-serif; font-size: var( --e-global-typography-9d5f275-font-size ); letter-spacing: var( --e-global-typography-9d5f275-letter-spacing ); word-spacing: var( --e-global-typography-9d5f275-word-spacing ); background-color: var( --e-global-color-5c495ae ); color: var( --e-global-color-text );\">se ha incorporado un nuevo chip llamado &#8216;R1&#8217;<\/b>, que <span style=\"text-align: var(--text-align); font-family: var( --e-global-typography-9d5f275-font-family ),Sans-serif; font-size: var( --e-global-typography-9d5f275-font-size ); font-weight: var( --e-global-typography-9d5f275-font-weight ); letter-spacing: var( --e-global-typography-9d5f275-letter-spacing ); word-spacing: var( --e-global-typography-9d5f275-word-spacing ); background-color: var( --e-global-color-5c495ae ); color: var( --e-global-color-text );\">procesa im\u00e1genes con una baja latencia<\/span>, <b style=\"text-align: var(--text-align); font-family: var( --e-global-typography-9d5f275-font-family ),Sans-serif; font-size: var( --e-global-typography-9d5f275-font-size ); letter-spacing: var( --e-global-typography-9d5f275-letter-spacing ); word-spacing: var( --e-global-typography-9d5f275-word-spacing ); background-color: var( --e-global-color-5c495ae ); color: var( --e-global-color-text );\">mostrando hasta 9 im\u00e1genes por segundo y evitando la aparici\u00f3n de mareos.<\/b><\/p>\n<p>Puede que te preguntes c\u00f3mo se pueden realizar videollamadas sin una c\u00e1mara que apunte directamente al rostro. La respuesta radica en el <b>sistema 3D de registro facial, similar al Face ID de Apple.<\/b> Este sistema captura miles de puntos de referencia del rostro, permitiendo generar un avatar virtual que se utilizar\u00e1 en las videollamadas.<\/p>\n<p>Es importante destacar que las Vision Pro no cuentan con Face ID, sino con <b>&#8216;Optic ID&#8217;<\/b>, un avanzado sistema de <b>reconocimiento de iris que permite a las gafas distinguir al propietario original.<\/b><\/p>\n<p>Por destacar algunas limitaciones, podr\u00edamos decir que, aunque Apple hace especial hincapi\u00e9 en el uso polivalente de estas gafas, la realidad es que su uso est\u00e1 <b>limitado a espacios cerrados<\/b>, como los del hogar y la oficina.<\/p>\n<p>Con una hoja de especificaciones t\u00e9cnicas impresionantes y una interfaz de usuario cuidadosamente dise\u00f1ada, otro principal obst\u00e1culo para estas gafas podr\u00eda ser su precio. Apple ha confirmado que las Vision Pro tendr\u00e1n un costo de <b>3.500 d\u00f3lares<\/b> (alrededor de 4.000 euros con impuestos y cambio de moneda) y estar\u00e1n disponibles a principios del pr\u00f3ximo a\u00f1o.<\/p>\n<p>Adem\u00e1s, es importante tener en cuenta que <b>la duraci\u00f3n de la bater\u00eda es de solo dos horas<\/b>, y parte del procesamiento se realiza en un dispositivo adicional que debe llevarse en el cintur\u00f3n o en un bolsillo. Para ver una pel\u00edcula, es necesario conectar las gafas a una bater\u00eda externa o directamente a un adaptador de corriente con salida USB-C, lo que reduce su portabilidad.<\/p>\n\t\t\t\t\t\t\t\t<\/div>\n\t\t\t\t\t<\/div>\n\t\t\t\t<\/div>\n\t\t<div class=\"elementor-element elementor-element-2ba017d e-flex e-con-boxed e-con e-parent\" data-id=\"2ba017d\" data-element_type=\"container\" data-e-type=\"container\">\n\t\t\t\t\t<div class=\"e-con-inner\">\n\t\t\t\t\t<\/div>\n\t\t\t\t<\/div>\n\t\t\t\t<\/div>\n\t\t","protected":false},"excerpt":{"rendered":"<p>La Conferencia Mundial de Desarrolladores 2023 ha deslumbrado a los entusiastas de la tecnolog\u00eda en todo el mundo con una avalancha de sorpresas. Pero no te preocupes si te perdiste la transmisi\u00f3n en vivo, porque aqu\u00ed te traemos un emocionante resumen de todas las innovaciones de hardware y software presentadas en la WWDC 2023. \u00a1Prep\u00e1rate para un viaje fascinante a trav\u00e9s de iOS 17, iPadOS 17, watchOS 10, Apple Vision Pro, MacBook Air y mucho m\u00e1s!<\/p>\n","protected":false},"author":4,"featured_media":29513,"comment_status":"closed","ping_status":"closed","sticky":false,"template":"","format":"standard","meta":{"content-type":"","inline_featured_image":false,"footnotes":""},"categories":[],"tags":[],"product":[],"class_list":["post-29614","post","type-post","status-publish","format-standard","has-post-thumbnail","hentry"],"aioseo_notices":[],"_links":{"self":[{"href":"https:\/\/www.applivery.com\/es\/wp-json\/wp\/v2\/posts\/29614","targetHints":{"allow":["GET"]}}],"collection":[{"href":"https:\/\/www.applivery.com\/es\/wp-json\/wp\/v2\/posts"}],"about":[{"href":"https:\/\/www.applivery.com\/es\/wp-json\/wp\/v2\/types\/post"}],"author":[{"embeddable":true,"href":"https:\/\/www.applivery.com\/es\/wp-json\/wp\/v2\/users\/4"}],"replies":[{"embeddable":true,"href":"https:\/\/www.applivery.com\/es\/wp-json\/wp\/v2\/comments?post=29614"}],"version-history":[{"count":5,"href":"https:\/\/www.applivery.com\/es\/wp-json\/wp\/v2\/posts\/29614\/revisions"}],"predecessor-version":[{"id":29959,"href":"https:\/\/www.applivery.com\/es\/wp-json\/wp\/v2\/posts\/29614\/revisions\/29959"}],"wp:featuredmedia":[{"embeddable":true,"href":"https:\/\/www.applivery.com\/es\/wp-json\/wp\/v2\/media\/29513"}],"wp:attachment":[{"href":"https:\/\/www.applivery.com\/es\/wp-json\/wp\/v2\/media?parent=29614"}],"wp:term":[{"taxonomy":"category","embeddable":true,"href":"https:\/\/www.applivery.com\/es\/wp-json\/wp\/v2\/categories?post=29614"},{"taxonomy":"post_tag","embeddable":true,"href":"https:\/\/www.applivery.com\/es\/wp-json\/wp\/v2\/tags?post=29614"},{"taxonomy":"product","embeddable":true,"href":"https:\/\/www.applivery.com\/es\/wp-json\/wp\/v2\/product?post=29614"}],"curies":[{"name":"wp","href":"https:\/\/api.w.org\/{rel}","templated":true}]}}